{"id":59506,"date":"2021-09-06T11:05:00","date_gmt":"2021-09-06T09:05:00","guid":{"rendered":"http:\/\/dev-sucitesa.vl24620.dinaserver.com\/como-lograr-una-vuelta-al-cole-segura-y-sostenible\/"},"modified":"2024-09-23T12:15:05","modified_gmt":"2024-09-23T10:15:05","slug":"como-lograr-una-vuelta-al-cole-segura-y-sostenible","status":"publish","type":"post","link":"https:\/\/www.sucitesa.com\/ca\/como-lograr-una-vuelta-al-cole-segura-y-sostenible\/","title":{"rendered":"Com aconseguir una tornada al cole segura i sostenible?"},"content":{"rendered":"\n<p class=\"has-text-align-justify\">ja ha arribat el mes de setembre i amb ell tornem de nou a la rutina. Setembre arriba de la m\u00e0 d\u00b4un nou curs escolar, el segon en condicions de pand\u00e8mia. Aques ser\u00e0 un curs completament presencial en totes les etapes educatives moitu pel qual els centres han d\u00b4estar llestos pel retorn dels alumnes despr\u00e9s de les vacances d\u00b4estiu.<\/p>\n\n\n\n<p class=\"has-text-align-justify\">El curs 21-22 a Espanya comen\u00e7a amn el personal docent vacunat i m\u00e9s d\u00b4un 30% dels joves d\u00b4entre 12 i 19 anys amb la primera dosi de la vacuna Covid-19 (<strong>Dades MSCBS\u00a0 12 Agost 21<\/strong>)\u00a0<a href=\"https:\/\/www.mscbs.gob.es\/profesionales\/saludPublica\/ccayes\/alertasActual\/nCov\/documentos\/Informe_GIV_comunicacion_20210812.pdf\" target=\"_blank\" rel=\"noopener\">https:\/\/www.mscbs.gob.es\/profesionales\/saludPublica\/ccayes\/alertasActual\/nCov\/documentos\/Informe_GIV_comunicacion_20210812.pdf<\/a><\/p>\n\n\n\n<p class=\"has-text-align-justify\">L\u00b4objectiu dels centres \u00e9s garantir\u00a0<strong>un entorn escolar segur<\/strong>\u00a0evitant al m\u00e0xim els possibles brots implantant i fent seguiment dels protocols i mides preventives implantades: dist\u00e0ncia f\u00edsica, ventilaci\u00f3 permanent, \u00faes de la mascareta, mides d\u00b4higiene de mans i mides d\u00b4higiene de superf\u00edcies.<\/p>\n\n\n\n<p class=\"has-text-align-justify\">Tots sabem que la<strong>\u00a0higiene\u00a0<\/strong>de mans \u00e9s una mida molt efectiva per evitar la transmissi\u00f3 de malalties. Forma part<strong> del programa educatiu de forma que el m\u00e8tode correcte de fer-ho s\u00b4explica a les escoles i \u00e9s una norma de conducta dels centres. por lo que el m\u00e9todo correcto de realizarlo se ense\u00f1a en las aulas y es una de las normas de conducta de los centros.<\/strong><\/p>\n\n\n\n<p class=\"has-text-align-justify\"><strong>En l\u00b4\u00e0mbit educatiu es recomana un rentat de mans amb un gel cosm\u00e8tic un m\u00ednim de 5 cops al dia: entrada i sortida del centre, abans i despr\u00e9s del pati, abans i despr\u00e9s de menjar i despr\u00e9s d\u00b4anar al lavabo.<\/strong><\/p>\n\n\n\n<p class=\"has-text-align-justify\">En el cas d\u00b4entrar en contacte amb un pat\u00f2gen cal usar un gel o loci\u00f3 antis\u00e8ptica desinfectant capa\u00e7        d\u00b4eliminar microorganismes autoritzat pel Ministeri de Sanitat. Consulta la nostra <a href=\"https:\/\/www.sucitesa.com\/tienda\/?necesidad-filtro=higiene-manos&amp;areas-filtro=higiene-personal&amp;product-page=1\" class=\"ek-link\">gamma d\u00b4antis\u00e8ptics i gels cosm\u00e8tics amb i sense esbandit aqu\u00ed<\/a>.<\/p>\n\n\n\n<p class=\"has-text-align-justify\">Tamb\u00e9 hem d\u00b4assegurar que les superf\u00edcies d\u00b4\u00fas massiu i espais d\u00b4\u00fas com\u00fa com lavabos, vastuaris, oficines, etc. estiguin nets i lliures de microorganismes. Per aconseguir-ho, el servei de neteja ha d\u00b4emprar desinfectants de superf\u00edcies amb activitat virucida <a href=\"https:\/\/www.mscbs.gob.es\/profesionales\/saludPublica\/ccayes\/alertasActual\/nCov\/documentos\/Listado_virucidas.pdf\" class=\"ek-link\" target=\"_blank\" rel=\"noopener\">autoritzats pel Ministeri de Sanitat.<\/a><\/p>\n\n\n\n<h2 class=\"wp-block-heading\">Podem complir amb els protocols, garantir que els nostres centres s\u00f3n segurs i alhora ser sostenibles? <\/h2>\n\n\n\n<p class=\"has-text-align-justify\">Cal tenir en compte que la neteja i desinfecci\u00f3 sostenible no nom\u00e9s \u00e9s netejar amb productes de neteja amb segell Ecolabel. <\/p>\n\n\n\n<p class=\"has-text-align-justify\">En primer lloc perqu\u00e8 no existeixen tots els productes necessaris per aquest tipus de desinfecci\u00f3 amb segell ecol\u00f2gic. Per posar un exemple: no exixteixen antis\u00e8ptic per mans ni desinfectants de superficies Ecolabel. <\/p>\n\n\n\n<p class=\"has-text-align-justify\">En segon lloc perqu\u00e8 per a que un producte sigui 100% ecol\u00f2gic durant tot el seu cicle de vid, s\u00b4ha de fabricar i utilitzar de manera adequada.<\/p>\n\n\n\n<p class=\"has-text-align-justify\">Per implentar un protocol de neteja i desinfecci\u00f3 ecol\u00f2gic i sostenible hem de respectar l\u00b4<strong>equilibri<\/strong> entre les <strong>necessitats<\/strong>\u00a0del nostre centre educatiu i el nostre entorn, tenint en compte\u00a0<strong>tota la vida \u00fatil del producte<\/strong>\u00a0desde el disseny, fabricaci\u00f3 i transport fins el seu \u00fas i eliminaci\u00f3, tancant el cercle.<\/p>\n\n\n\n<h2 class=\"wp-block-heading\">Quins requisits cal complir?<\/h2>\n\n\n\n<ul class=\"wp-block-list\"><li>Escollir prove\u00efdors de confian\u00e7a compromesos amb la protecci\u00f3 del Medi Ambient.<\/li><li>Usar productes qu\u00edmics de neteja i desinfecci\u00f3 que compleixin amb la normativa vigent.<\/li><li>Implantar sistemes de neteja que minimitzin el consum d\u00b4aigua i productes qu\u00edmics: <a href=\"https:\/\/www.sucitesa.com\/tienda\/?areas-filtro=utiles-microfibra\" class=\"ek-link\">baietes i mopes, mopes de microfibra impregnades.<\/a><\/li><li><a href=\"https:\/\/www.sucitesa.com\/tienda\/?areas-filtro=concentrados\" class=\"ek-link\">Usar productes de neteja concentrats.<\/a>\u00a0El seu elevat rendiment redueix el consum d\u00b4aigua, envasos pl\u00e0stics i la quantitat de producte necessari. <\/li><li>Usar <a href=\"https:\/\/www.sucitesa.com\/categoria-producto\/gamas\/life-care\/\" class=\"ek-link\">productes amb segell ecol\u00f2gic o, en el seu defecte, productes fabricats sota estrictes requisits de formulaci\u00f3, perillositat, \u00fas, reciclats i efectivitat. <\/a><\/li><li>Prevenir accidents laborals usant productes amb la m\u00e9s baixa classificaci\u00f3 de perillositat possible (pictogrames de perill) segurs per l\u00b4usuari, alumnes i personal del centre.<\/li><li>Usar sistemes de dossificaci\u00f3 senzills i f\u00e0cils.<a href=\"https:\/\/www.sucitesa.com\/tienda\/?areas-filtro=diluidores-de-concentrados&amp;necesidad-filtro=dosificadores\" class=\"ek-link\"> Sistemes manuals o autom\u00e0tics que ajudin a l\u00b4usuari a dosificar la quantitat de producte justa i necess\u00e0ria.<\/a>\u00a0<\/li><li>Reduir la generaci\u00f3 de residus pl\u00e0stics <a href=\"https:\/\/www.sucitesa.com\/tienda\/?areas-filtro=envases-y-pulverizadores&amp;necesidad-filtro=dosificadores\" class=\"ek-link\">fent servir envasos reutilitzables h<\/a>omologats per contenir productes qu\u00edmics. \u00a0<\/li><\/ul>\n\n\n\n<h2 class=\"wp-block-heading\">\u00a1Feli\u00e7 tornada a l\u00b4escola!<\/h2>\n","protected":false},"excerpt":{"rendered":"<p>ja ha arribat el mes de setembre i amb ell tornem de nou a la rutina. Setembre arriba de la m\u00e0 d\u00b4un nou curs escolar, el segon en condicions de pand\u00e8mia. Aques ser\u00e0 un curs completament presencial en totes les etapes educatives moitu pel qual els centres han d\u00b4estar llestos pel retorn dels alumnes despr\u00e9s [&hellip;]<\/p>\n","protected":false},"author":1,"featured_media":1121158,"comment_status":"closed","ping_status":"open","sticky":false,"template":"","format":"standard","meta":{"_acf_changed":false,"_editorskit_title_hidden":false,"_editorskit_reading_time":2,"_editorskit_is_block_options_detached":false,"_editorskit_block_options_position":"{}","footnotes":""},"categories":[4],"tags":[2748,2749,2821],"class_list":["post-59506","post","type-post","status-publish","format-standard","has-post-thumbnail","hentry","category-uncategorized-ca","tag-desinfeccion-2-ca","tag-higiene-ca","tag-limpieza-ca"],"acf":[],"_links":{"self":[{"href":"https:\/\/www.sucitesa.com\/ca\/wp-json\/wp\/v2\/posts\/59506","targetHints":{"allow":["GET"]}}],"collection":[{"href":"https:\/\/www.sucitesa.com\/ca\/wp-json\/wp\/v2\/posts"}],"about":[{"href":"https:\/\/www.sucitesa.com\/ca\/wp-json\/wp\/v2\/types\/post"}],"author":[{"embeddable":true,"href":"https:\/\/www.sucitesa.com\/ca\/wp-json\/wp\/v2\/users\/1"}],"replies":[{"embeddable":true,"href":"https:\/\/www.sucitesa.com\/ca\/wp-json\/wp\/v2\/comments?post=59506"}],"version-history":[{"count":4,"href":"https:\/\/www.sucitesa.com\/ca\/wp-json\/wp\/v2\/posts\/59506\/revisions"}],"predecessor-version":[{"id":83619,"href":"https:\/\/www.sucitesa.com\/ca\/wp-json\/wp\/v2\/posts\/59506\/revisions\/83619"}],"wp:featuredmedia":[{"embeddable":true,"href":"https:\/\/www.sucitesa.com\/ca\/wp-json\/wp\/v2\/media\/1121158"}],"wp:attachment":[{"href":"https:\/\/www.sucitesa.com\/ca\/wp-json\/wp\/v2\/media?parent=59506"}],"wp:term":[{"taxonomy":"category","embeddable":true,"href":"https:\/\/www.sucitesa.com\/ca\/wp-json\/wp\/v2\/categories?post=59506"},{"taxonomy":"post_tag","embeddable":true,"href":"https:\/\/www.sucitesa.com\/ca\/wp-json\/wp\/v2\/tags?post=59506"}],"curies":[{"name":"wp","href":"https:\/\/api.w.org\/{rel}","templated":true}]}}